{"id":21318,"date":"2026-06-06T13:29:59","date_gmt":"2026-06-06T13:29:59","guid":{"rendered":"https:\/\/cameratanordica.com\/stories\/oland-chamber-players-firar-10-ar\/"},"modified":"2026-06-09T07:55:22","modified_gmt":"2026-06-09T07:55:22","slug":"oland-chamber-players-firar-10-ar","status":"publish","type":"stories","link":"https:\/\/cameratanordica.com\/sv\/stories\/oland-chamber-players-firar-10-ar\/","title":{"rendered":"\u00d6land Chamber Players firar 10 \u00e5r"},"content":{"rendered":"<div class=\"fusion-fullwidth fullwidth-box fusion-builder-row-1 fusion-flex-container has-pattern-background has-mask-background nonhundred-percent-fullwidth non-hundred-percent-height-scrolling\" style=\"--awb-border-radius-top-left:0px;--awb-border-radius-top-right:0px;--awb-border-radius-bottom-right:0px;--awb-border-radius-bottom-left:0px;--awb-padding-top:5%;--awb-padding-right:5%;--awb-padding-bottom:5%;--awb-padding-left:5%;--awb-background-color:#f9f9f9;--awb-flex-wrap:wrap;\" ><div class=\"fusion-builder-row fusion-row fusion-flex-align-items-flex-start fusion-flex-content-wrap\" style=\"max-width:1248px;margin-left: calc(-4% \/ 2 );margin-right: calc(-4% \/ 2 );\"><div class=\"fusion-layout-column fusion_builder_column fusion-builder-column-0 fusion_builder_column_1_1 1_1 fusion-flex-column\" style=\"--awb-bg-size:cover;--awb-width-large:100%;--awb-margin-top-large:10px;--awb-spacing-right-large:1.92%;--awb-margin-bottom-large:10px;--awb-spacing-left-large:1.92%;--awb-width-medium:100%;--awb-order-medium:0;--awb-spacing-right-medium:1.92%;--awb-spacing-left-medium:1.92%;--awb-width-small:100%;--awb-order-small:0;--awb-spacing-right-small:1.92%;--awb-spacing-left-small:1.92%;\"><div class=\"fusion-column-wrapper fusion-column-has-shadow fusion-flex-justify-content-flex-start fusion-content-layout-column\"><div class=\"fusion-title title fusion-title-1 sep-underline sep-solid fusion-title-text fusion-title-size-four\" style=\"--awb-text-color:var(--awb-color6);--awb-margin-top-small:0px;--awb-margin-right-small:0px;--awb-margin-bottom-small:20px;--awb-margin-left-small:0px;\"><h4 class=\"fusion-title-heading title-heading-left fusion-responsive-typography-calculated\" style=\"margin:0;--fontSize:20;line-height:1.5;\">\u00d6land Chamber Players Festival firar 10 \u00e5r<\/h4><\/div><div class=\"fusion-text fusion-text-1\" style=\"--awb-text-color:var(--awb-color6);\"><p class=\"p1\">Sommaren 2026 markerar en viktig milstolpe f\u00f6r \u00d6land Chamber Players n\u00e4r festivalen firar sitt tio\u00e5rsjubileum.<\/p>\n<p class=\"p1\">\u00d6land Chamber Players grundades 2016 av cellisten och konstn\u00e4rliga ledaren Sabina Sandri-Olsson, med ambitionen att sammanf\u00f6ra framst\u00e5ende kammarmusiker p\u00e5 \u00d6land och skapa meningsfulla musikaliska m\u00f6ten i en intim milj\u00f6. Under det g\u00e5ngna decenniet har festivalen v\u00e4lkomnat artister fr\u00e5n Sverige och andra l\u00e4nder i program som kombinerar \u00e4lskade m\u00e4sterverk med mindre k\u00e4nd musik och en del nya konstn\u00e4rliga uppt\u00e4ckter. <\/p>\n<p class=\"p1\">Ett betydelsefullt kapitel i festivalens historia inleddes 2020, d\u00e5 Camerata Nordica inledde ett samarbete med \u00d6land Chamber Players. Det b\u00f6rjade som ett samarbete i en utmanande period men kom att utvecklades till ett l\u00e5ngsiktigt samarbete som bidrog till att s\u00e4kra festivalens framtid, samtidigt som dess unika karakt\u00e4r och konstn\u00e4rliga sj\u00e4lvst\u00e4ndighet bevarades. <\/p>\n<\/div><\/div><\/div><div class=\"fusion-layout-column fusion_builder_column fusion-builder-column-1 fusion_builder_column_1_2 1_2 fusion-flex-column\" style=\"--awb-padding-top:10%;--awb-padding-right:10%;--awb-padding-bottom:10%;--awb-padding-left:10%;--awb-bg-size:cover;--awb-width-large:50%;--awb-margin-top-large:10px;--awb-spacing-right-large:3.84%;--awb-margin-bottom-large:10px;--awb-spacing-left-large:3.84%;--awb-width-medium:100%;--awb-order-medium:0;--awb-spacing-right-medium:1.92%;--awb-spacing-left-medium:1.92%;--awb-width-small:100%;--awb-order-small:0;--awb-spacing-right-small:1.92%;--awb-spacing-left-small:1.92%;\"><div class=\"fusion-column-wrapper fusion-column-has-shadow fusion-flex-justify-content-flex-start fusion-content-layout-column\"><div class=\"fusion-image-element \" style=\"--awb-aspect-ratio:16 \/ 9;--awb-caption-title-font-family:var(--h2_typography-font-family);--awb-caption-title-font-weight:var(--h2_typography-font-weight);--awb-caption-title-font-style:var(--h2_typography-font-style);--awb-caption-title-size:var(--h2_typography-font-size);--awb-caption-title-transform:var(--h2_typography-text-transform);--awb-caption-title-line-height:var(--h2_typography-line-height);--awb-caption-title-letter-spacing:var(--h2_typography-letter-spacing);\"><span class=\" fusion-imageframe imageframe-none imageframe-1 hover-type-none has-aspect-ratio\"><img decoding=\"async\" width=\"1440\" height=\"2560\" title=\"default\" src=\"https:\/\/cameratanordica.com\/wp-content\/uploads\/2026\/04\/kalla-1-scaled.jpg\" class=\"img-responsive wp-image-21104 img-with-aspect-ratio\" data-parent-fit=\"cover\" data-parent-container=\".fusion-image-element\" alt srcset=\"https:\/\/cameratanordica.com\/wp-content\/uploads\/2026\/04\/kalla-1-200x356.jpg 200w, https:\/\/cameratanordica.com\/wp-content\/uploads\/2026\/04\/kalla-1-400x711.jpg 400w, https:\/\/cameratanordica.com\/wp-content\/uploads\/2026\/04\/kalla-1-600x1067.jpg 600w, https:\/\/cameratanordica.com\/wp-content\/uploads\/2026\/04\/kalla-1-800x1422.jpg 800w, https:\/\/cameratanordica.com\/wp-content\/uploads\/2026\/04\/kalla-1-1200x2134.jpg 1200w, https:\/\/cameratanordica.com\/wp-content\/uploads\/2026\/04\/kalla-1-scaled.jpg 1440w\" sizes=\"(max-width: 1024px) 100vw, (max-width: 640px) 100vw, 600px\" \/><\/span><\/div><\/div><\/div><div class=\"fusion-layout-column fusion_builder_column fusion-builder-column-2 fusion_builder_column_1_2 1_2 fusion-flex-column\" style=\"--awb-padding-top:10%;--awb-padding-right:10%;--awb-padding-bottom:10%;--awb-padding-left:10%;--awb-bg-size:cover;--awb-width-large:50%;--awb-margin-top-large:10px;--awb-spacing-right-large:3.84%;--awb-margin-bottom-large:10px;--awb-spacing-left-large:3.84%;--awb-width-medium:100%;--awb-order-medium:0;--awb-spacing-right-medium:1.92%;--awb-spacing-left-medium:1.92%;--awb-width-small:100%;--awb-order-small:0;--awb-spacing-right-small:1.92%;--awb-spacing-left-small:1.92%;\"><div class=\"fusion-column-wrapper fusion-column-has-shadow fusion-flex-justify-content-flex-start fusion-content-layout-column\"><div class=\"fusion-image-element \" style=\"--awb-aspect-ratio:16 \/ 9;--awb-caption-title-font-family:var(--h2_typography-font-family);--awb-caption-title-font-weight:var(--h2_typography-font-weight);--awb-caption-title-font-style:var(--h2_typography-font-style);--awb-caption-title-size:var(--h2_typography-font-size);--awb-caption-title-transform:var(--h2_typography-text-transform);--awb-caption-title-line-height:var(--h2_typography-line-height);--awb-caption-title-letter-spacing:var(--h2_typography-letter-spacing);\"><span class=\" fusion-imageframe imageframe-none imageframe-2 hover-type-none has-aspect-ratio\"><img decoding=\"async\" width=\"1000\" height=\"667\" title=\"@cameratanordica-lisa madestam-072624004\" src=\"https:\/\/cameratanordica.com\/wp-content\/uploads\/2024\/11\/@cameratanordica-lisa-madestam-072624004.jpg\" class=\"img-responsive wp-image-20454 img-with-aspect-ratio\" data-parent-fit=\"cover\" data-parent-container=\".fusion-image-element\" alt srcset=\"https:\/\/cameratanordica.com\/wp-content\/uploads\/2024\/11\/@cameratanordica-lisa-madestam-072624004-200x133.jpg 200w, https:\/\/cameratanordica.com\/wp-content\/uploads\/2024\/11\/@cameratanordica-lisa-madestam-072624004-400x267.jpg 400w, https:\/\/cameratanordica.com\/wp-content\/uploads\/2024\/11\/@cameratanordica-lisa-madestam-072624004-600x400.jpg 600w, https:\/\/cameratanordica.com\/wp-content\/uploads\/2024\/11\/@cameratanordica-lisa-madestam-072624004-800x534.jpg 800w, https:\/\/cameratanordica.com\/wp-content\/uploads\/2024\/11\/@cameratanordica-lisa-madestam-072624004.jpg 1000w\" sizes=\"(max-width: 1024px) 100vw, (max-width: 640px) 100vw, 600px\" \/><\/span><\/div><\/div><\/div><div class=\"fusion-layout-column fusion_builder_column fusion-builder-column-3 fusion_builder_column_1_1 1_1 fusion-flex-column\" style=\"--awb-bg-size:cover;--awb-width-large:100%;--awb-margin-top-large:10px;--awb-spacing-right-large:1.92%;--awb-margin-bottom-large:10px;--awb-spacing-left-large:1.92%;--awb-width-medium:100%;--awb-order-medium:0;--awb-spacing-right-medium:1.92%;--awb-spacing-left-medium:1.92%;--awb-width-small:100%;--awb-order-small:0;--awb-spacing-right-small:1.92%;--awb-spacing-left-small:1.92%;\"><div class=\"fusion-column-wrapper fusion-column-has-shadow fusion-flex-justify-content-flex-start fusion-content-layout-column\"><div class=\"fusion-text fusion-text-2\" style=\"--awb-text-color:var(--awb-color6);\"><p class=\"p1\">I dag \u00e4r \u00d6land Chamber Players en etablerar och uppskattad del av \u00d6lands kultursommar. Festivalen forts\u00e4tter att v\u00e4rna om konstn\u00e4rlig kvalitet, nyfikenhet och den n\u00e4ra kontakten mellan musiker och publik som har varit k\u00e4rnan i projektet sedan starten. <\/p>\n<p class=\"p1\">I jubileumsupplagan 2026 forts\u00e4tter denna tradition med ett program som samlar internationellt hyllade artister, \u00e5terv\u00e4ndande festivalfavoriter och skapar nya musikaliska m\u00f6ten.<\/p>\n<p class=\"p1\">Hela festivalprogrammet, alla datum, medverkande artister och biljettinformation finns nu tillg\u00e4ngliga p\u00e5 \u00d6land Chamber Players webbplats <a href=\"https:\/\/olandchamberplayers.com\">olandchamberplayers.com<\/a><\/p>\n<\/div><\/div><\/div><div class=\"fusion-layout-column fusion_builder_column fusion-builder-column-4 fusion_builder_column_1_1 1_1 fusion-flex-column\" style=\"--awb-bg-size:cover;--awb-width-large:100%;--awb-margin-top-large:10px;--awb-spacing-right-large:1.92%;--awb-margin-bottom-large:10px;--awb-spacing-left-large:1.92%;--awb-width-medium:100%;--awb-order-medium:0;--awb-spacing-right-medium:1.92%;--awb-spacing-left-medium:1.92%;--awb-width-small:100%;--awb-order-small:0;--awb-spacing-right-small:1.92%;--awb-spacing-left-small:1.92%;\"><div class=\"fusion-column-wrapper fusion-column-has-shadow fusion-flex-justify-content-flex-start fusion-content-layout-column\"><div class=\"fusion-separator fusion-full-width-sep\" style=\"align-self: center;margin-left: auto;margin-right: auto;width:100%;\"><div class=\"fusion-separator-border sep-single sep-solid\" style=\"--awb-height:20px;--awb-amount:20px;border-color:#e0dede;border-top-width:1px;\"><\/div><\/div><div class=\"fusion-sharing-box fusion-sharing-box-1 has-taglines layout-floated layout-medium-floated layout-small-stacked\" style=\"background-color:#f6f6f6;border-color:#cccccc;--awb-separator-border-color:#cccccc;--awb-separator-border-sizes:0px;--awb-layout:row;--awb-alignment-small:space-between;--awb-stacked-align-small:center;\" data-title=\"\u00d6land Chamber Players firar 10 \u00e5r\" data-description=\"\u00d6land Chamber Players Festival firar 10 \u00e5r \r\nSommaren 2026 markerar en viktig milstolpe f\u00f6r \u00d6land Chamber Players n\u00e4r festivalen firar sitt tio\u00e5rsjubileum.\r\n\u00d6land Chamber Players grundades 2016 av cellisten och konstn\u00e4rliga ledaren Sabina Sandri-Olsson, med ambitionen att sammanf\u00f6ra framst\u00e5ende kammarmusiker p\u00e5 \u00d6land och skapa meningsfulla musikaliska m\u00f6ten i en intim milj\u00f6. Under det g\u00e5ngna\" data-link=\"https:\/\/cameratanordica.com\/sv\/stories\/oland-chamber-players-firar-10-ar\/\"><h4 class=\"tagline\" style=\"color:#333333;\">Dela och v\u00e4lj din plattform!<\/h4><div class=\"fusion-social-networks sharingbox-shortcode-icon-wrapper sharingbox-shortcode-icon-wrapper-1\"><span><a href=\"https:\/\/www.facebook.com\/sharer.php?u=https%3A%2F%2Fcameratanordica.com%2Fsv%2Fstories%2Foland-chamber-players-firar-10-ar%2F&amp;t=%C3%96land%20Chamber%20Players%20firar%2010%20%C3%A5r\" target=\"_blank\" rel=\"noreferrer\" title=\"Facebook\" aria-label=\"Facebook\" data-placement=\"top\" data-toggle=\"tooltip\" data-title=\"Facebook\"><i class=\"fusion-social-network-icon fusion-tooltip fusion-facebook awb-icon-facebook\" style=\"color:#bebdbd;\" aria-hidden=\"true\"><\/i><\/a><\/span><span><a href=\"https:\/\/x.com\/intent\/post?text=%C3%96land%20Chamber%20Players%20firar%2010%20%C3%A5r&amp;url=https%3A%2F%2Fcameratanordica.com%2Fsv%2Fstories%2Foland-chamber-players-firar-10-ar%2F\" target=\"_blank\" rel=\"noopener noreferrer\" title=\"X\" aria-label=\"X\" data-placement=\"top\" data-toggle=\"tooltip\" data-title=\"X\"><i class=\"fusion-social-network-icon fusion-tooltip fusion-twitter awb-icon-twitter\" style=\"color:#bebdbd;\" aria-hidden=\"true\"><\/i><\/a><\/span><span><a href=\"https:\/\/reddit.com\/submit?url=https%3A%2F%2Fcameratanordica.com%2Fsv%2Fstories%2Foland-chamber-players-firar-10-ar%2F&amp;title=%C3%96land%20Chamber%20Players%20firar%2010%20%C3%A5r\" target=\"_blank\" rel=\"noopener noreferrer\" title=\"Reddit\" aria-label=\"Reddit\" data-placement=\"top\" data-toggle=\"tooltip\" data-title=\"Reddit\"><i class=\"fusion-social-network-icon fusion-tooltip fusion-reddit awb-icon-reddit\" style=\"color:#bebdbd;\" aria-hidden=\"true\"><\/i><\/a><\/span><span><a href=\"https:\/\/www.linkedin.com\/shareArticle?mini=true&amp;url=https%3A%2F%2Fcameratanordica.com%2Fsv%2Fstories%2Foland-chamber-players-firar-10-ar%2F&amp;title=%C3%96land%20Chamber%20Players%20firar%2010%20%C3%A5r&amp;summary=%C3%96land%20Chamber%20Players%20Festival%20firar%2010%20%C3%A5r%20%0D%0ASommaren%202026%20markerar%20en%20viktig%20milstolpe%20f%C3%B6r%20%C3%96land%20Chamber%20Players%20n%C3%A4r%20festivalen%20firar%20sitt%20tio%C3%A5rsjubileum.%0D%0A%C3%96land%20Chamber%20Players%20grundades%202016%20av%20cellisten%20och%20konstn%C3%A4rliga%20ledaren%20Sabina%20Sandri-Olsson%2C%20med%20ambitionen%20att%20sammanf%C3%B6ra%20framst%C3%A5ende%20kammarmusiker%20p%C3%A5%20%C3%96land%20och%20skapa%20meningsfulla%20musikaliska%20m%C3%B6ten%20i%20en%20intim%20milj%C3%B6.%20Under%20det%20g%C3%A5ngna\" target=\"_blank\" rel=\"noopener noreferrer\" title=\"LinkedIn\" aria-label=\"LinkedIn\" data-placement=\"top\" data-toggle=\"tooltip\" data-title=\"LinkedIn\"><i class=\"fusion-social-network-icon fusion-tooltip fusion-linkedin awb-icon-linkedin\" style=\"color:#bebdbd;\" aria-hidden=\"true\"><\/i><\/a><\/span><span><a href=\"https:\/\/www.tumblr.com\/share\/link?url=https%3A%2F%2Fcameratanordica.com%2Fsv%2Fstories%2Foland-chamber-players-firar-10-ar%2F&amp;name=%C3%96land%20Chamber%20Players%20firar%2010%20%C3%A5r&amp;description=%C3%96land%20Chamber%20Players%20Festival%20firar%2010%20%C3%A5r%20%0D%0ASommaren%202026%20markerar%20en%20viktig%20milstolpe%20f%C3%B6r%20%C3%96land%20Chamber%20Players%20n%C3%A4r%20festivalen%20firar%20sitt%20tio%C3%A5rsjubileum.%0D%0A%C3%96land%20Chamber%20Players%20grundades%202016%20av%20cellisten%20och%20konstn%C3%A4rliga%20ledaren%20Sabina%20Sandri-Olsson%2C%20med%20ambitionen%20att%20sammanf%C3%B6ra%20framst%C3%A5ende%20kammarmusiker%20p%C3%A5%20%C3%96land%20och%20skapa%20meningsfulla%20musikaliska%20m%C3%B6ten%20i%20en%20intim%20milj%C3%B6.%20Under%20det%20g%C3%A5ngna\" target=\"_blank\" rel=\"noopener noreferrer\" title=\"Tumblr\" aria-label=\"Tumblr\" data-placement=\"top\" data-toggle=\"tooltip\" data-title=\"Tumblr\"><i class=\"fusion-social-network-icon fusion-tooltip fusion-tumblr awb-icon-tumblr\" style=\"color:#bebdbd;\" aria-hidden=\"true\"><\/i><\/a><\/span><span><a href=\"https:\/\/pinterest.com\/pin\/create\/button\/?url=https%3A%2F%2Fcameratanordica.com%2Fsv%2Fstories%2Foland-chamber-players-firar-10-ar%2F&amp;description=%C3%96land%20Chamber%20Players%20Festival%20firar%2010%20%C3%A5r%20%0D%0ASommaren%202026%20markerar%20en%20viktig%20milstolpe%20f%C3%B6r%20%C3%96land%20Chamber%20Players%20n%C3%A4r%20festivalen%20firar%20sitt%20tio%C3%A5rsjubileum.%0D%0A%C3%96land%20Chamber%20Players%20grundades%202016%20av%20cellisten%20och%20konstn%C3%A4rliga%20ledaren%20Sabina%20Sandri-Olsson%2C%20med%20ambitionen%20att%20sammanf%C3%B6ra%20framst%C3%A5ende%20kammarmusiker%20p%C3%A5%20%C3%96land%20och%20skapa%20meningsfulla%20musikaliska%20m%C3%B6ten%20i%20en%20intim%20milj%C3%B6.%20Under%20det%20g%C3%A5ngna&amp;media=\" target=\"_blank\" rel=\"noopener noreferrer\" title=\"Pinterest\" aria-label=\"Pinterest\" data-placement=\"top\" data-toggle=\"tooltip\" data-title=\"Pinterest\"><i class=\"fusion-social-network-icon fusion-tooltip fusion-pinterest awb-icon-pinterest\" style=\"color:#bebdbd;\" aria-hidden=\"true\"><\/i><\/a><\/span><span><a href=\"https:\/\/vkontakte.ru\/share.php?url=https%3A%2F%2Fcameratanordica.com%2Fsv%2Fstories%2Foland-chamber-players-firar-10-ar%2F&amp;title=%C3%96land%20Chamber%20Players%20firar%2010%20%C3%A5r&amp;description=%C3%96land%20Chamber%20Players%20Festival%20firar%2010%20%C3%A5r%20%0D%0ASommaren%202026%20markerar%20en%20viktig%20milstolpe%20f%C3%B6r%20%C3%96land%20Chamber%20Players%20n%C3%A4r%20festivalen%20firar%20sitt%20tio%C3%A5rsjubileum.%0D%0A%C3%96land%20Chamber%20Players%20grundades%202016%20av%20cellisten%20och%20konstn%C3%A4rliga%20ledaren%20Sabina%20Sandri-Olsson%2C%20med%20ambitionen%20att%20sammanf%C3%B6ra%20framst%C3%A5ende%20kammarmusiker%20p%C3%A5%20%C3%96land%20och%20skapa%20meningsfulla%20musikaliska%20m%C3%B6ten%20i%20en%20intim%20milj%C3%B6.%20Under%20det%20g%C3%A5ngna\" target=\"_blank\" rel=\"noopener noreferrer\" title=\"Vk\" aria-label=\"Vk\" data-placement=\"top\" data-toggle=\"tooltip\" data-title=\"Vk\"><i class=\"fusion-social-network-icon fusion-tooltip fusion-vk awb-icon-vk\" style=\"color:#bebdbd;\" aria-hidden=\"true\"><\/i><\/a><\/span><span><a href=\"mailto:?subject=%C3%96land%20Chamber%20Players%20firar%2010%20%C3%A5r&amp;body=https%3A%2F%2Fcameratanordica.com%2Fsv%2Fstories%2Foland-chamber-players-firar-10-ar%2F\" target=\"_self\" title=\"Email\" aria-label=\"Email\" data-placement=\"top\" data-toggle=\"tooltip\" data-title=\"Email\"><i class=\"fusion-social-network-icon fusion-tooltip fusion-mail awb-icon-mail\" style=\"color:#bebdbd;\" aria-hidden=\"true\"><\/i><\/a><\/span><\/div><\/div><div class=\"fusion-separator fusion-full-width-sep\" style=\"align-self: center;margin-left: auto;margin-right: auto;margin-top:20px;margin-bottom:20px;width:100%;\"><div class=\"fusion-separator-border sep-single sep-solid\" style=\"--awb-height:20px;--awb-amount:20px;border-color:#e0dede;border-top-width:1px;\"><\/div><\/div><div class=\"fusion-title title fusion-title-2 fusion-sep-none fusion-title-text fusion-title-size-four\" style=\"--awb-text-color:var(--awb-color6);--awb-margin-top-small:0px;--awb-margin-right-small:0px;--awb-margin-bottom-small:20px;--awb-margin-left-small:0px;\"><h4 class=\"fusion-title-heading title-heading-left fusion-responsive-typography-calculated\" style=\"margin:0;--fontSize:20;line-height:1.5;\">L\u00e4s mer!<\/h4><\/div><!-- Gridbuilder \u1d42\u1d3e Plugin (https:\/\/wpgridbuilder.com) -->\n<div class=\"wp-grid-builder wpgb-grid-11\" data-options=\"{&quot;id&quot;:11,&quot;type&quot;:&quot;masonry&quot;,&quot;source&quot;:&quot;post_type&quot;,&quot;loader&quot;:true,&quot;layout&quot;:&quot;horizontal&quot;,&quot;reveal&quot;:1,&quot;isMainQuery&quot;:0,&quot;lazyLoad&quot;:true,&quot;cardSizes&quot;:{&quot;1200&quot;:{&quot;columns&quot;:2,&quot;height&quot;:240,&quot;gutter&quot;:0,&quot;ratio&quot;:&quot;1.33333&quot;},&quot;992&quot;:{&quot;columns&quot;:2,&quot;height&quot;:220,&quot;gutter&quot;:0,&quot;ratio&quot;:&quot;1.33333&quot;},&quot;768&quot;:{&quot;columns&quot;:1,&quot;height&quot;:220,&quot;gutter&quot;:0,&quot;ratio&quot;:&quot;1.33333&quot;},&quot;576&quot;:{&quot;columns&quot;:1,&quot;height&quot;:200,&quot;gutter&quot;:0,&quot;ratio&quot;:&quot;1.33333&quot;},&quot;320&quot;:{&quot;columns&quot;:1,&quot;height&quot;:200,&quot;gutter&quot;:0,&quot;ratio&quot;:&quot;1.33333&quot;}},&quot;fitRows&quot;:false,&quot;equalRows&quot;:0,&quot;equalColumns&quot;:false,&quot;fillLastRow&quot;:0,&quot;centerLastRow&quot;:0,&quot;horizontalOrder&quot;:true,&quot;fullWidth&quot;:false,&quot;transitionDelay&quot;:100,&quot;gallerySlideshow&quot;:false,&quot;rowsNumber&quot;:1,&quot;slideAlign&quot;:&quot;left&quot;,&quot;groupCells&quot;:1,&quot;draggable&quot;:true,&quot;initialIndex&quot;:0,&quot;contain&quot;:false,&quot;freeScroll&quot;:false,&quot;freeFriction&quot;:&quot;0.075&quot;,&quot;friction&quot;:&quot;0.285&quot;,&quot;attraction&quot;:&quot;0.025&quot;,&quot;autoPlay&quot;:0,&quot;pageDotAriaLabel&quot;:&quot;Page dot %d&quot;,&quot;isPreview&quot;:false,&quot;isGutenberg&quot;:false,&quot;rightToLeft&quot;:false}\"><div class=\"wpgb-svg-icons\" hidden>\n\t<svg viewBox=\"0 0 120 24\" width=\"0\" height=\"0\">\n\t<defs>\n        <polygon id=\"wpgb-star-svg\" points=\"12 2.5 15.1 8.8 22 9.8 17 14.6 18.2 21.5 12 18.3 5.8 21.5 7 14.6 2 9.8 8.9 8.8\"><\/polygon>\n    <\/defs>\n    <symbol id=\"wpgb-rating-stars-svg\">\n        <use xlink:href=\"#wpgb-star-svg\"><\/use>\n        <use xlink:href=\"#wpgb-star-svg\" x=\"24\"><\/use>\n        <use xlink:href=\"#wpgb-star-svg\" x=\"48\"><\/use>\n        <use xlink:href=\"#wpgb-star-svg\" x=\"72\"><\/use>\n        <use xlink:href=\"#wpgb-star-svg\" x=\"96\"><\/use>\n    <\/symbol>\n<\/svg>\n<\/div>\n<div class=\"wpgb-wrapper\">\n\t<div class=\"wpgb-main\">\n\t<div class=\"wpgb-layout\">\n\t<div class=\"wpgb-viewport\">\n\t\t<div class=\"wpgb-masonry\">\n\t\t\t<article class=\"wpgb-card wpgb-card-3 wpgb-post-21318 wpgb-card-hidden\" data-col=\"1\" data-row=\"1\" data-format=\"standard\" data-fluid><div class=\"wpgb-card-wrapper\"><div class=\"wpgb-card-inner\"><div class=\"wpgb-card-media wpgb-scheme-light\"><svg data-ratio style=\"padding-top:66.67%\" viewBox=\"0 0 768 512\" aria-hidden=\"true\"><\/svg><div class=\"wpgb-card-media-thumbnail\"><a href=\"https:\/\/cameratanordica.com\/wp-content\/uploads\/2024\/11\/@cameratanordica-lisa-madestam-072924003-e1780753116758.jpg\" tabindex=\"-1\" class=\"wpgb-handle-lb wpgb-lightbox\" data-type=\"image\" data-rel=\"11\" data-title=\"@cameratanordica-lisa madestam-072924003\" title=\"Enlarge photo\"><div class=\"wpgb-lazy-load wpgb-lazy-spinner\" data-wpgb-thumb=\"\" data-wpgb-src=\"https:\/\/cameratanordica.com\/wp-content\/uploads\/2024\/11\/@cameratanordica-lisa-madestam-072924003-768x512.jpg\"><\/div><noscript><img decoding=\"async\" class=\"wpgb-noscript-img\" src=\"https:\/\/cameratanordica.com\/wp-content\/uploads\/2024\/11\/@cameratanordica-lisa-madestam-072924003-768x512.jpg\" alt=\"\" height=\"512\" width=\"768\"><\/noscript><\/a><\/div><div class=\"wpgb-card-media-overlay\"><\/div><div class=\"wpgb-card-media-content\"><div class=\"wpgb-card-media-content-bottom\"><h3 class=\"wpgb-block-1 wpgb-idle-scheme-1\"><a href=\"https:\/\/cameratanordica.com\/sv\/stories\/oland-chamber-players-firar-10-ar\/\">\u00d6land Chamber Players firar 10 \u00e5r<\/a><\/h3><div class=\"wpgb-block-2\"><a class=\"wpgb-block-term wpgb-idle-scheme-3\" href=\"https:\/\/cameratanordica.com\/sv\/category\/berattelser\/\" rel=\"category\" data-id=\"480\">Ber\u00e4ttelser<\/a><\/div><\/div><\/div><\/div><\/div><\/div><\/article><article class=\"wpgb-card wpgb-card-3 wpgb-post-21322 wpgb-card-hidden\" data-col=\"1\" data-row=\"1\" data-format=\"standard\" data-fluid><div class=\"wpgb-card-wrapper\"><div class=\"wpgb-card-inner\"><div class=\"wpgb-card-media wpgb-scheme-light\"><svg data-ratio style=\"padding-top:74.87%\" viewBox=\"0 0 768 575\" aria-hidden=\"true\"><\/svg><div class=\"wpgb-card-media-thumbnail\"><a href=\"https:\/\/cameratanordica.com\/wp-content\/uploads\/2025\/08\/dji_fly_20250224_163250_392_1740420472501_photo-2-scaled-e1780753031721.jpg\" tabindex=\"-1\" class=\"wpgb-handle-lb wpgb-lightbox\" data-type=\"image\" data-rel=\"11\" data-title=\"dji_fly_20250224_163250_392_1740420472501_photo 2\" title=\"Enlarge photo\"><div class=\"wpgb-lazy-load wpgb-lazy-spinner\" data-wpgb-thumb=\"\" data-wpgb-src=\"https:\/\/cameratanordica.com\/wp-content\/uploads\/2025\/08\/dji_fly_20250224_163250_392_1740420472501_photo-2-768x575.jpg\"><\/div><noscript><img decoding=\"async\" class=\"wpgb-noscript-img\" src=\"https:\/\/cameratanordica.com\/wp-content\/uploads\/2025\/08\/dji_fly_20250224_163250_392_1740420472501_photo-2-768x575.jpg\" alt=\"\" height=\"575\" width=\"768\"><\/noscript><\/a><\/div><div class=\"wpgb-card-media-overlay\"><\/div><div class=\"wpgb-card-media-content\"><div class=\"wpgb-card-media-content-bottom\"><h3 class=\"wpgb-block-1 wpgb-idle-scheme-1\"><a href=\"https:\/\/cameratanordica.com\/sv\/stories\/nordic-seasons\/\">Nordic Seasons<\/a><\/h3><div class=\"wpgb-block-2\"><a class=\"wpgb-block-term wpgb-idle-scheme-3\" href=\"https:\/\/cameratanordica.com\/sv\/category\/berattelser\/\" rel=\"category\" data-id=\"480\">Ber\u00e4ttelser<\/a><span class=\" wpgb-idle-scheme-3\">, <\/span><a class=\"wpgb-block-term wpgb-idle-scheme-3\" href=\"https:\/\/cameratanordica.com\/sv\/category\/berattelser\/inspelning\/\" rel=\"category\" data-id=\"482\">Inspelning<\/a><\/div><\/div><\/div><\/div><\/div><\/div><\/article>\t\t<\/div>\n\t<\/div>\n\t<div class=\"wpgb-area wpgb-area-left\">\n\t<button type=\"button\" class=\"wpgb-prev-button\" aria-label=\"Previous slide\" hidden>\n\t<svg><use xlink:href=\"https:\/\/cameratanordica.com\/wp-content\/plugins\/wp-grid-builder\/public\/svg\/arrows\/arrow-left.svg#wpgb-icon\"\/><\/svg><\/button>\n<\/div>\n<div class=\"wpgb-area wpgb-area-right\">\n\t<button type=\"button\" class=\"wpgb-next-button\" aria-label=\"Next slide\" hidden>\n\t<svg><use xlink:href=\"https:\/\/cameratanordica.com\/wp-content\/plugins\/wp-grid-builder\/public\/svg\/arrows\/arrow-right.svg#wpgb-icon\"\/><\/svg><\/button>\n<\/div>\n<div class=\"wpgb-loader\">\n\t<div class=\"wpgb-loader-17\">\n\t\t<div><div><\/div><div><\/div><\/div>\t<\/div>\n<\/div>\n<\/div>\n<div class=\"wpgb-area wpgb-area-bottom-1\">\n\t<ol class=\"wpgb-page-dots\"><\/ol>\n<\/div>\n\t<\/div>\n\t\t<\/div>\n<\/div>\n<div ><a class=\"fusion-button button-flat fusion-button-default-size button-custom fusion-button-default button-1 fusion-button-default-span fusion-button-default-type\" style=\"--button_accent_color:var(--awb-color7);--button_border_color:var(--awb-color7);--button_accent_hover_color:#787878;--button_border_hover_color:#bf0000;--button_gradient_top_color:rgba(255,255,255,0);--button_gradient_bottom_color:rgba(255,255,255,0);--button_gradient_top_color_hover:#ffffff;--button_gradient_bottom_color_hover:#ffffff;\" target=\"_self\" href=\"https:\/\/cameratanordica.com\/news\/\"><span class=\"fusion-button-text awb-button__text awb-button__text--default\">Tillbaka till nyheterna<\/span><\/a><\/div><\/div><\/div><\/div><\/div>\n","protected":false},"excerpt":{"rendered":"","protected":false},"author":1,"featured_media":20458,"menu_order":0,"comment_status":"open","ping_status":"closed","template":"","format":"standard","meta":{"_acf_changed":false,"footnotes":""},"categories":[480],"tags":[],"class_list":["post-21318","stories","type-stories","status-publish","format-standard","has-post-thumbnail","hentry","category-berattelser"],"acf":[],"yoast_head":"<!-- This site is optimized with the Yoast SEO plugin v28.3 - https:\/\/yoast.com\/product\/yoast-seo-wordpress\/ -->\n<title>\u00d6land Chamber Players firar 10 \u00e5r - Camerata Nordica<\/title>\n<meta name=\"robots\" content=\"index, follow, max-snippet:-1, max-image-preview:large, max-video-preview:-1\" \/>\n<link rel=\"canonical\" href=\"https:\/\/cameratanordica.com\/sv\/stories\/oland-chamber-players-firar-10-ar\/\" \/>\n<meta property=\"og:locale\" content=\"sv_SE\" \/>\n<meta property=\"og:type\" content=\"article\" \/>\n<meta property=\"og:title\" content=\"\u00d6land Chamber Players firar 10 \u00e5r - Camerata Nordica\" \/>\n<meta property=\"og:url\" content=\"https:\/\/cameratanordica.com\/sv\/stories\/oland-chamber-players-firar-10-ar\/\" \/>\n<meta property=\"og:site_name\" content=\"Camerata Nordica\" \/>\n<meta property=\"article:modified_time\" content=\"2026-06-09T07:55:22+00:00\" \/>\n<meta property=\"og:image\" content=\"https:\/\/cameratanordica.com\/wp-content\/uploads\/2024\/11\/@cameratanordica-lisa-madestam-072924003-e1780753116758.jpg\" \/>\n\t<meta property=\"og:image:width\" content=\"1000\" \/>\n\t<meta property=\"og:image:height\" content=\"667\" \/>\n\t<meta property=\"og:image:type\" content=\"image\/jpeg\" \/>\n<meta name=\"twitter:card\" content=\"summary_large_image\" \/>\n<meta name=\"twitter:label1\" content=\"Ber\u00e4knad l\u00e4stid\" \/>\n\t<meta name=\"twitter:data1\" content=\"17 minuter\" \/>\n<script type=\"application\/ld+json\" class=\"yoast-schema-graph\">{\"@context\":\"https:\\\/\\\/schema.org\",\"@graph\":[{\"@type\":\"WebPage\",\"@id\":\"https:\\\/\\\/cameratanordica.com\\\/sv\\\/stories\\\/oland-chamber-players-firar-10-ar\\\/\",\"url\":\"https:\\\/\\\/cameratanordica.com\\\/sv\\\/stories\\\/oland-chamber-players-firar-10-ar\\\/\",\"name\":\"\u00d6land Chamber Players firar 10 \u00e5r - Camerata Nordica\",\"isPartOf\":{\"@id\":\"https:\\\/\\\/cameratanordica.com\\\/#website\"},\"primaryImageOfPage\":{\"@id\":\"https:\\\/\\\/cameratanordica.com\\\/sv\\\/stories\\\/oland-chamber-players-firar-10-ar\\\/#primaryimage\"},\"image\":{\"@id\":\"https:\\\/\\\/cameratanordica.com\\\/sv\\\/stories\\\/oland-chamber-players-firar-10-ar\\\/#primaryimage\"},\"thumbnailUrl\":\"https:\\\/\\\/cameratanordica.com\\\/wp-content\\\/uploads\\\/2024\\\/11\\\/@cameratanordica-lisa-madestam-072924003-e1780753116758.jpg\",\"datePublished\":\"2026-06-06T13:29:59+00:00\",\"dateModified\":\"2026-06-09T07:55:22+00:00\",\"breadcrumb\":{\"@id\":\"https:\\\/\\\/cameratanordica.com\\\/sv\\\/stories\\\/oland-chamber-players-firar-10-ar\\\/#breadcrumb\"},\"inLanguage\":\"sv-SE\",\"potentialAction\":[{\"@type\":\"ReadAction\",\"target\":[\"https:\\\/\\\/cameratanordica.com\\\/sv\\\/stories\\\/oland-chamber-players-firar-10-ar\\\/\"]}]},{\"@type\":\"ImageObject\",\"inLanguage\":\"sv-SE\",\"@id\":\"https:\\\/\\\/cameratanordica.com\\\/sv\\\/stories\\\/oland-chamber-players-firar-10-ar\\\/#primaryimage\",\"url\":\"https:\\\/\\\/cameratanordica.com\\\/wp-content\\\/uploads\\\/2024\\\/11\\\/@cameratanordica-lisa-madestam-072924003-e1780753116758.jpg\",\"contentUrl\":\"https:\\\/\\\/cameratanordica.com\\\/wp-content\\\/uploads\\\/2024\\\/11\\\/@cameratanordica-lisa-madestam-072924003-e1780753116758.jpg\",\"width\":1000,\"height\":667},{\"@type\":\"BreadcrumbList\",\"@id\":\"https:\\\/\\\/cameratanordica.com\\\/sv\\\/stories\\\/oland-chamber-players-firar-10-ar\\\/#breadcrumb\",\"itemListElement\":[{\"@type\":\"ListItem\",\"position\":1,\"name\":\"Home\",\"item\":\"https:\\\/\\\/cameratanordica.com\\\/sv\\\/hem-3\\\/\"},{\"@type\":\"ListItem\",\"position\":2,\"name\":\"\u00d6land Chamber Players firar 10 \u00e5r\"}]},{\"@type\":\"WebSite\",\"@id\":\"https:\\\/\\\/cameratanordica.com\\\/#website\",\"url\":\"https:\\\/\\\/cameratanordica.com\\\/\",\"name\":\"Camerata Nordica\",\"description\":\"\",\"potentialAction\":[{\"@type\":\"SearchAction\",\"target\":{\"@type\":\"EntryPoint\",\"urlTemplate\":\"https:\\\/\\\/cameratanordica.com\\\/?s={search_term_string}\"},\"query-input\":{\"@type\":\"PropertyValueSpecification\",\"valueRequired\":true,\"valueName\":\"search_term_string\"}}],\"inLanguage\":\"sv-SE\"}]}<\/script>\n<!-- \/ Yoast SEO plugin. -->","yoast_head_json":{"title":"\u00d6land Chamber Players firar 10 \u00e5r - Camerata Nordica","robots":{"index":"index","follow":"follow","max-snippet":"max-snippet:-1","max-image-preview":"max-image-preview:large","max-video-preview":"max-video-preview:-1"},"canonical":"https:\/\/cameratanordica.com\/sv\/stories\/oland-chamber-players-firar-10-ar\/","og_locale":"sv_SE","og_type":"article","og_title":"\u00d6land Chamber Players firar 10 \u00e5r - Camerata Nordica","og_url":"https:\/\/cameratanordica.com\/sv\/stories\/oland-chamber-players-firar-10-ar\/","og_site_name":"Camerata Nordica","article_modified_time":"2026-06-09T07:55:22+00:00","og_image":[{"width":1000,"height":667,"url":"https:\/\/cameratanordica.com\/wp-content\/uploads\/2024\/11\/@cameratanordica-lisa-madestam-072924003-e1780753116758.jpg","type":"image\/jpeg"}],"twitter_card":"summary_large_image","twitter_misc":{"Ber\u00e4knad l\u00e4stid":"17 minuter"},"schema":{"@context":"https:\/\/schema.org","@graph":[{"@type":"WebPage","@id":"https:\/\/cameratanordica.com\/sv\/stories\/oland-chamber-players-firar-10-ar\/","url":"https:\/\/cameratanordica.com\/sv\/stories\/oland-chamber-players-firar-10-ar\/","name":"\u00d6land Chamber Players firar 10 \u00e5r - Camerata Nordica","isPartOf":{"@id":"https:\/\/cameratanordica.com\/#website"},"primaryImageOfPage":{"@id":"https:\/\/cameratanordica.com\/sv\/stories\/oland-chamber-players-firar-10-ar\/#primaryimage"},"image":{"@id":"https:\/\/cameratanordica.com\/sv\/stories\/oland-chamber-players-firar-10-ar\/#primaryimage"},"thumbnailUrl":"https:\/\/cameratanordica.com\/wp-content\/uploads\/2024\/11\/@cameratanordica-lisa-madestam-072924003-e1780753116758.jpg","datePublished":"2026-06-06T13:29:59+00:00","dateModified":"2026-06-09T07:55:22+00:00","breadcrumb":{"@id":"https:\/\/cameratanordica.com\/sv\/stories\/oland-chamber-players-firar-10-ar\/#breadcrumb"},"inLanguage":"sv-SE","potentialAction":[{"@type":"ReadAction","target":["https:\/\/cameratanordica.com\/sv\/stories\/oland-chamber-players-firar-10-ar\/"]}]},{"@type":"ImageObject","inLanguage":"sv-SE","@id":"https:\/\/cameratanordica.com\/sv\/stories\/oland-chamber-players-firar-10-ar\/#primaryimage","url":"https:\/\/cameratanordica.com\/wp-content\/uploads\/2024\/11\/@cameratanordica-lisa-madestam-072924003-e1780753116758.jpg","contentUrl":"https:\/\/cameratanordica.com\/wp-content\/uploads\/2024\/11\/@cameratanordica-lisa-madestam-072924003-e1780753116758.jpg","width":1000,"height":667},{"@type":"BreadcrumbList","@id":"https:\/\/cameratanordica.com\/sv\/stories\/oland-chamber-players-firar-10-ar\/#breadcrumb","itemListElement":[{"@type":"ListItem","position":1,"name":"Home","item":"https:\/\/cameratanordica.com\/sv\/hem-3\/"},{"@type":"ListItem","position":2,"name":"\u00d6land Chamber Players firar 10 \u00e5r"}]},{"@type":"WebSite","@id":"https:\/\/cameratanordica.com\/#website","url":"https:\/\/cameratanordica.com\/","name":"Camerata Nordica","description":"","potentialAction":[{"@type":"SearchAction","target":{"@type":"EntryPoint","urlTemplate":"https:\/\/cameratanordica.com\/?s={search_term_string}"},"query-input":{"@type":"PropertyValueSpecification","valueRequired":true,"valueName":"search_term_string"}}],"inLanguage":"sv-SE"}]}},"publishpress_future_workflow_manual_trigger":{"enabledWorkflows":[]},"_links":{"self":[{"href":"https:\/\/cameratanordica.com\/sv\/wp-json\/wp\/v2\/stories\/21318","targetHints":{"allow":["GET"]}}],"collection":[{"href":"https:\/\/cameratanordica.com\/sv\/wp-json\/wp\/v2\/stories"}],"about":[{"href":"https:\/\/cameratanordica.com\/sv\/wp-json\/wp\/v2\/types\/stories"}],"author":[{"embeddable":true,"href":"https:\/\/cameratanordica.com\/sv\/wp-json\/wp\/v2\/users\/1"}],"replies":[{"embeddable":true,"href":"https:\/\/cameratanordica.com\/sv\/wp-json\/wp\/v2\/comments?post=21318"}],"version-history":[{"count":3,"href":"https:\/\/cameratanordica.com\/sv\/wp-json\/wp\/v2\/stories\/21318\/revisions"}],"predecessor-version":[{"id":21321,"href":"https:\/\/cameratanordica.com\/sv\/wp-json\/wp\/v2\/stories\/21318\/revisions\/21321"}],"wp:featuredmedia":[{"embeddable":true,"href":"https:\/\/cameratanordica.com\/sv\/wp-json\/wp\/v2\/media\/20458"}],"wp:attachment":[{"href":"https:\/\/cameratanordica.com\/sv\/wp-json\/wp\/v2\/media?parent=21318"}],"wp:term":[{"taxonomy":"category","embeddable":true,"href":"https:\/\/cameratanordica.com\/sv\/wp-json\/wp\/v2\/categories?post=21318"},{"taxonomy":"post_tag","embeddable":true,"href":"https:\/\/cameratanordica.com\/sv\/wp-json\/wp\/v2\/tags?post=21318"}],"curies":[{"name":"wp","href":"https:\/\/api.w.org\/{rel}","templated":true}]}}